{"id":3065,"date":"2021-09-02T12:13:28","date_gmt":"2021-09-02T10:13:28","guid":{"rendered":"https:\/\/www.interistech.com\/plant-based-summit-conference-september-22-to-24-2021-in-reims-france\/"},"modified":"2021-11-17T16:19:10","modified_gmt":"2021-11-17T15:19:10","slug":"plant-based-summit-conference-september-22-to-24-2021-in-reims-france","status":"publish","type":"post","link":"https:\/\/www.interistech.com\/fr\/plant-based-summit-conference-september-22-to-24-2021-in-reims-france\/","title":{"rendered":"PLANT BASED SUMMIT conference and exhibition for September 22 to 24 \/ 2021 in Reims, France"},"content":{"rendered":"\n<div class=\"wp-block-columns is-layout-flex wp-container-core-columns-layout-1 wp-block-columns-is-layout-flex\">\n<div class=\"wp-block-column is-layout-flow wp-block-column-is-layout-flow\" style=\"flex-basis:66.66%\">\n<p class=\"has-medium-font-size\"><strong>INTERIS <\/strong>participated and exposed at the <a href=\"https:\/\/www.plantbasedsummit.com\/\" target=\"_blank\" rel=\"noreferrer noopener\"><strong>Plant Based Summit 2021<\/strong><\/a> conference in Reims, France the 22 to 24 September 2021.<br><br>The conference is mainly about <strong>Bio-based products<\/strong> development, technologies and economy in this dynamic market. <\/p>\n<\/div>\n\n\n\n<div class=\"wp-block-column is-layout-flow wp-block-column-is-layout-flow\" style=\"flex-basis:33.33%\">\n<div class=\"wp-block-image\"><figure class=\"alignleft size-large\"><img loading=\"lazy\" decoding=\"async\" width=\"1024\" height=\"533\" src=\"https:\/\/www.interistech.com\/wp-content\/uploads\/2021\/09\/PBS-2021-Logo-1024x533.jpg\" alt=\"\" class=\"wp-image-3028\" srcset=\"https:\/\/www.interistech.com\/wp-content\/uploads\/2021\/09\/PBS-2021-Logo-1024x533.jpg 1024w, https:\/\/www.interistech.com\/wp-content\/uploads\/2021\/09\/PBS-2021-Logo-300x156.jpg 300w, https:\/\/www.interistech.com\/wp-content\/uploads\/2021\/09\/PBS-2021-Logo-768x400.jpg 768w, https:\/\/www.interistech.com\/wp-content\/uploads\/2021\/09\/PBS-2021-Logo.jpg 1300w\" sizes=\"(max-width: 1024px) 100vw, 1024px\" \/><\/figure><\/div>\n<\/div>\n<\/div>\n\n\n\n<p class=\"has-medium-font-size\">This event gave you the possibility to join us in our stand and find out our diverse services and products related to the Bio-based industry. <\/p>\n\n\n\n<figure class=\"wp-block-image size-large\"><a href=\"https:\/\/www.plantbasedsummit.com\/\" target=\"_blank\" rel=\"noopener\"><img loading=\"lazy\" decoding=\"async\" width=\"1024\" height=\"577\" src=\"https:\/\/www.interistech.com\/wp-content\/uploads\/2021\/09\/Plant-Based-Summit-2021-Interis-1024x577.jpg\" alt=\"\" class=\"wp-image-3031\" srcset=\"https:\/\/www.interistech.com\/wp-content\/uploads\/2021\/09\/Plant-Based-Summit-2021-Interis-1024x577.jpg 1024w, https:\/\/www.interistech.com\/wp-content\/uploads\/2021\/09\/Plant-Based-Summit-2021-Interis-300x169.jpg 300w, https:\/\/www.interistech.com\/wp-content\/uploads\/2021\/09\/Plant-Based-Summit-2021-Interis-768x433.jpg 768w, https:\/\/www.interistech.com\/wp-content\/uploads\/2021\/09\/Plant-Based-Summit-2021-Interis.jpg 1503w\" sizes=\"(max-width: 1024px) 100vw, 1024px\" \/><\/a><\/figure>\n\n\n\n<p class=\"has-medium-font-size\">In general terms, this edition highlighted on the bio-based products\u2019 markets, and kept a strong emphasis on the sector\u2019s innovations and challenges.<\/p>\n\n\n\n<p class=\"has-medium-font-size\">It was the opportunity for the participants to contribute to the evolution of plant-based, green and sustainable chemistry!<\/p>\n\n\n\n<p class=\"has-text-align-center\"><a href=\"https:\/\/www.plantbasedsummit.com\/\" target=\"_blank\" rel=\"noreferrer noopener\">Click here to join this event<\/a><\/p>\n\n\n\n<p class=\"has-medium-font-size\"> <\/p>\n","protected":false},"excerpt":{"rendered":"<p>INTERIS participated and exposed at the Plant Based Summit 2021 conference in Reims, France the 22 to 24 September 2021. The conference is mainly about Bio-based products development, technologies and economy in this dynamic market. This event gave you the possibility to join us in our stand and find out our diverse services and products [&hellip;]<\/p>\n","protected":false},"author":4,"featured_media":3043,"comment_status":"closed","ping_status":"closed","sticky":false,"template":"","format":"standard","meta":{"_acf_changed":false,"footnotes":""},"categories":[14],"tags":[],"acf":[],"yoast_head":"<!-- This site is optimized with the Yoast SEO plugin v23.5 - https:\/\/yoast.com\/wordpress\/plugins\/seo\/ -->\n<title>PLANT BASED SUMMIT conference and exhibition for September 22 to 24 \/ 2021 in Reims, France | Interis<\/title>\n<meta name=\"description\" content=\"A new achievement for INTERIS which is supporting its client TEREOS (MORAINS) with the design andsupply of a new distillation column and the study of its integration into the existing plant.\" \/>\n<meta name=\"robots\" content=\"index, follow, max-snippet:-1, max-image-preview:large, max-video-preview:-1\" \/>\n<link rel=\"canonical\" href=\"https:\/\/www.interistech.com\/fr\/plant-based-summit-conference-september-22-to-24-2021-in-reims-france\/\" \/>\n<meta property=\"og:locale\" content=\"fr_FR\" \/>\n<meta property=\"og:type\" content=\"article\" \/>\n<meta property=\"og:title\" content=\"PLANT BASED SUMMIT conference and exhibition for September 22 to 24 \/ 2021 in Reims, France | Interis\" \/>\n<meta property=\"og:description\" content=\"A new achievement for INTERIS which is supporting its client TEREOS (MORAINS) with the design andsupply of a new distillation column and the study of its integration into the existing plant.\" \/>\n<meta property=\"og:url\" content=\"https:\/\/www.interistech.com\/fr\/plant-based-summit-conference-september-22-to-24-2021-in-reims-france\/\" \/>\n<meta property=\"og:site_name\" content=\"Interis\" \/>\n<meta property=\"article:published_time\" content=\"2021-09-02T10:13:28+00:00\" \/>\n<meta property=\"article:modified_time\" content=\"2021-11-17T15:19:10+00:00\" \/>\n<meta property=\"og:image\" content=\"https:\/\/www.interistech.com\/wp-content\/uploads\/2021\/09\/Chercheur-plante1-sml-1.jpg\" \/>\n\t<meta property=\"og:image:width\" content=\"1241\" \/>\n\t<meta property=\"og:image:height\" content=\"931\" \/>\n\t<meta property=\"og:image:type\" content=\"image\/jpeg\" \/>\n<meta name=\"author\" content=\"Pedro De Sutter\" \/>\n<meta name=\"twitter:card\" content=\"summary_large_image\" \/>\n<meta name=\"twitter:label1\" content=\"\u00c9crit par\" \/>\n\t<meta name=\"twitter:data1\" content=\"Pedro De Sutter\" \/>\n\t<meta name=\"twitter:label2\" content=\"Dur\u00e9e de lecture estim\u00e9e\" \/>\n\t<meta name=\"twitter:data2\" content=\"1 minute\" \/>\n<script type=\"application\/ld+json\" class=\"yoast-schema-graph\">{\"@context\":\"https:\/\/schema.org\",\"@graph\":[{\"@type\":\"Article\",\"@id\":\"https:\/\/www.interistech.com\/fr\/plant-based-summit-conference-september-22-to-24-2021-in-reims-france\/#article\",\"isPartOf\":{\"@id\":\"https:\/\/www.interistech.com\/fr\/plant-based-summit-conference-september-22-to-24-2021-in-reims-france\/\"},\"author\":{\"name\":\"Pedro De Sutter\",\"@id\":\"https:\/\/www.interistech.com\/fr\/#\/schema\/person\/4b6d0c7c7cde45d5754234a45026408f\"},\"headline\":\"PLANT BASED SUMMIT conference and exhibition for September 22 to 24 \/ 2021 in Reims, France\",\"datePublished\":\"2021-09-02T10:13:28+00:00\",\"dateModified\":\"2021-11-17T15:19:10+00:00\",\"mainEntityOfPage\":{\"@id\":\"https:\/\/www.interistech.com\/fr\/plant-based-summit-conference-september-22-to-24-2021-in-reims-france\/\"},\"wordCount\":115,\"publisher\":{\"@id\":\"https:\/\/www.interistech.com\/fr\/#organization\"},\"image\":{\"@id\":\"https:\/\/www.interistech.com\/fr\/plant-based-summit-conference-september-22-to-24-2021-in-reims-france\/#primaryimage\"},\"thumbnailUrl\":\"https:\/\/www.interistech.com\/wp-content\/uploads\/2021\/09\/Chercheur-plante1-sml-1.jpg\",\"articleSection\":[\"Non classifi\u00e9(e)\"],\"inLanguage\":\"fr-FR\"},{\"@type\":\"WebPage\",\"@id\":\"https:\/\/www.interistech.com\/fr\/plant-based-summit-conference-september-22-to-24-2021-in-reims-france\/\",\"url\":\"https:\/\/www.interistech.com\/fr\/plant-based-summit-conference-september-22-to-24-2021-in-reims-france\/\",\"name\":\"PLANT BASED SUMMIT conference and exhibition for September 22 to 24 \/ 2021 in Reims, France | Interis\",\"isPartOf\":{\"@id\":\"https:\/\/www.interistech.com\/fr\/#website\"},\"primaryImageOfPage\":{\"@id\":\"https:\/\/www.interistech.com\/fr\/plant-based-summit-conference-september-22-to-24-2021-in-reims-france\/#primaryimage\"},\"image\":{\"@id\":\"https:\/\/www.interistech.com\/fr\/plant-based-summit-conference-september-22-to-24-2021-in-reims-france\/#primaryimage\"},\"thumbnailUrl\":\"https:\/\/www.interistech.com\/wp-content\/uploads\/2021\/09\/Chercheur-plante1-sml-1.jpg\",\"datePublished\":\"2021-09-02T10:13:28+00:00\",\"dateModified\":\"2021-11-17T15:19:10+00:00\",\"description\":\"A new achievement for INTERIS which is supporting its client TEREOS (MORAINS) with the design andsupply of a new distillation column and the study of its integration into the existing plant.\",\"breadcrumb\":{\"@id\":\"https:\/\/www.interistech.com\/fr\/plant-based-summit-conference-september-22-to-24-2021-in-reims-france\/#breadcrumb\"},\"inLanguage\":\"fr-FR\",\"potentialAction\":[{\"@type\":\"ReadAction\",\"target\":[\"https:\/\/www.interistech.com\/fr\/plant-based-summit-conference-september-22-to-24-2021-in-reims-france\/\"]}]},{\"@type\":\"ImageObject\",\"inLanguage\":\"fr-FR\",\"@id\":\"https:\/\/www.interistech.com\/fr\/plant-based-summit-conference-september-22-to-24-2021-in-reims-france\/#primaryimage\",\"url\":\"https:\/\/www.interistech.com\/wp-content\/uploads\/2021\/09\/Chercheur-plante1-sml-1.jpg\",\"contentUrl\":\"https:\/\/www.interistech.com\/wp-content\/uploads\/2021\/09\/Chercheur-plante1-sml-1.jpg\",\"width\":1241,\"height\":931},{\"@type\":\"BreadcrumbList\",\"@id\":\"https:\/\/www.interistech.com\/fr\/plant-based-summit-conference-september-22-to-24-2021-in-reims-france\/#breadcrumb\",\"itemListElement\":[{\"@type\":\"ListItem\",\"position\":1,\"name\":\"Home\",\"item\":\"https:\/\/www.interistech.com\/fr\/\"},{\"@type\":\"ListItem\",\"position\":2,\"name\":\"PLANT BASED SUMMIT conference and exhibition for September 22 to 24 \/ 2021 in Reims, France\"}]},{\"@type\":\"WebSite\",\"@id\":\"https:\/\/www.interistech.com\/fr\/#website\",\"url\":\"https:\/\/www.interistech.com\/fr\/\",\"name\":\"Interis\",\"description\":\"Biotechnology - Experts by Nature\",\"publisher\":{\"@id\":\"https:\/\/www.interistech.com\/fr\/#organization\"},\"potentialAction\":[{\"@type\":\"SearchAction\",\"target\":{\"@type\":\"EntryPoint\",\"urlTemplate\":\"https:\/\/www.interistech.com\/fr\/?s={search_term_string}\"},\"query-input\":{\"@type\":\"PropertyValueSpecification\",\"valueRequired\":true,\"valueName\":\"search_term_string\"}}],\"inLanguage\":\"fr-FR\"},{\"@type\":\"Organization\",\"@id\":\"https:\/\/www.interistech.com\/fr\/#organization\",\"name\":\"Interis\",\"url\":\"https:\/\/www.interistech.com\/fr\/\",\"logo\":{\"@type\":\"ImageObject\",\"inLanguage\":\"fr-FR\",\"@id\":\"https:\/\/www.interistech.com\/fr\/#\/schema\/logo\/image\/\",\"url\":\"https:\/\/www.interistech.com\/wp-content\/uploads\/2019\/03\/logointeris.png\",\"contentUrl\":\"https:\/\/www.interistech.com\/wp-content\/uploads\/2019\/03\/logointeris.png\",\"width\":254,\"height\":111,\"caption\":\"Interis\"},\"image\":{\"@id\":\"https:\/\/www.interistech.com\/fr\/#\/schema\/logo\/image\/\"}},{\"@type\":\"Person\",\"@id\":\"https:\/\/www.interistech.com\/fr\/#\/schema\/person\/4b6d0c7c7cde45d5754234a45026408f\",\"name\":\"Pedro De Sutter\",\"image\":{\"@type\":\"ImageObject\",\"inLanguage\":\"fr-FR\",\"@id\":\"https:\/\/www.interistech.com\/fr\/#\/schema\/person\/image\/\",\"url\":\"https:\/\/secure.gravatar.com\/avatar\/473308ecac7e4c943cb06f1d784daeb2?s=96&d=mm&r=g\",\"contentUrl\":\"https:\/\/secure.gravatar.com\/avatar\/473308ecac7e4c943cb06f1d784daeb2?s=96&d=mm&r=g\",\"caption\":\"Pedro De Sutter\"},\"url\":\"https:\/\/www.interistech.com\/fr\/author\/pds\/\"}]}<\/script>\n<!-- \/ Yoast SEO plugin. -->","yoast_head_json":{"title":"PLANT BASED SUMMIT conference and exhibition for September 22 to 24 \/ 2021 in Reims, France | Interis","description":"A new achievement for INTERIS which is supporting its client TEREOS (MORAINS) with the design andsupply of a new distillation column and the study of its integration into the existing plant.","robots":{"index":"index","follow":"follow","max-snippet":"max-snippet:-1","max-image-preview":"max-image-preview:large","max-video-preview":"max-video-preview:-1"},"canonical":"https:\/\/www.interistech.com\/fr\/plant-based-summit-conference-september-22-to-24-2021-in-reims-france\/","og_locale":"fr_FR","og_type":"article","og_title":"PLANT BASED SUMMIT conference and exhibition for September 22 to 24 \/ 2021 in Reims, France | Interis","og_description":"A new achievement for INTERIS which is supporting its client TEREOS (MORAINS) with the design andsupply of a new distillation column and the study of its integration into the existing plant.","og_url":"https:\/\/www.interistech.com\/fr\/plant-based-summit-conference-september-22-to-24-2021-in-reims-france\/","og_site_name":"Interis","article_published_time":"2021-09-02T10:13:28+00:00","article_modified_time":"2021-11-17T15:19:10+00:00","og_image":[{"width":1241,"height":931,"url":"https:\/\/www.interistech.com\/wp-content\/uploads\/2021\/09\/Chercheur-plante1-sml-1.jpg","type":"image\/jpeg"}],"author":"Pedro De Sutter","twitter_card":"summary_large_image","twitter_misc":{"\u00c9crit par":"Pedro De Sutter","Dur\u00e9e de lecture estim\u00e9e":"1 minute"},"schema":{"@context":"https:\/\/schema.org","@graph":[{"@type":"Article","@id":"https:\/\/www.interistech.com\/fr\/plant-based-summit-conference-september-22-to-24-2021-in-reims-france\/#article","isPartOf":{"@id":"https:\/\/www.interistech.com\/fr\/plant-based-summit-conference-september-22-to-24-2021-in-reims-france\/"},"author":{"name":"Pedro De Sutter","@id":"https:\/\/www.interistech.com\/fr\/#\/schema\/person\/4b6d0c7c7cde45d5754234a45026408f"},"headline":"PLANT BASED SUMMIT conference and exhibition for September 22 to 24 \/ 2021 in Reims, France","datePublished":"2021-09-02T10:13:28+00:00","dateModified":"2021-11-17T15:19:10+00:00","mainEntityOfPage":{"@id":"https:\/\/www.interistech.com\/fr\/plant-based-summit-conference-september-22-to-24-2021-in-reims-france\/"},"wordCount":115,"publisher":{"@id":"https:\/\/www.interistech.com\/fr\/#organization"},"image":{"@id":"https:\/\/www.interistech.com\/fr\/plant-based-summit-conference-september-22-to-24-2021-in-reims-france\/#primaryimage"},"thumbnailUrl":"https:\/\/www.interistech.com\/wp-content\/uploads\/2021\/09\/Chercheur-plante1-sml-1.jpg","articleSection":["Non classifi\u00e9(e)"],"inLanguage":"fr-FR"},{"@type":"WebPage","@id":"https:\/\/www.interistech.com\/fr\/plant-based-summit-conference-september-22-to-24-2021-in-reims-france\/","url":"https:\/\/www.interistech.com\/fr\/plant-based-summit-conference-september-22-to-24-2021-in-reims-france\/","name":"PLANT BASED SUMMIT conference and exhibition for September 22 to 24 \/ 2021 in Reims, France | Interis","isPartOf":{"@id":"https:\/\/www.interistech.com\/fr\/#website"},"primaryImageOfPage":{"@id":"https:\/\/www.interistech.com\/fr\/plant-based-summit-conference-september-22-to-24-2021-in-reims-france\/#primaryimage"},"image":{"@id":"https:\/\/www.interistech.com\/fr\/plant-based-summit-conference-september-22-to-24-2021-in-reims-france\/#primaryimage"},"thumbnailUrl":"https:\/\/www.interistech.com\/wp-content\/uploads\/2021\/09\/Chercheur-plante1-sml-1.jpg","datePublished":"2021-09-02T10:13:28+00:00","dateModified":"2021-11-17T15:19:10+00:00","description":"A new achievement for INTERIS which is supporting its client TEREOS (MORAINS) with the design andsupply of a new distillation column and the study of its integration into the existing plant.","breadcrumb":{"@id":"https:\/\/www.interistech.com\/fr\/plant-based-summit-conference-september-22-to-24-2021-in-reims-france\/#breadcrumb"},"inLanguage":"fr-FR","potentialAction":[{"@type":"ReadAction","target":["https:\/\/www.interistech.com\/fr\/plant-based-summit-conference-september-22-to-24-2021-in-reims-france\/"]}]},{"@type":"ImageObject","inLanguage":"fr-FR","@id":"https:\/\/www.interistech.com\/fr\/plant-based-summit-conference-september-22-to-24-2021-in-reims-france\/#primaryimage","url":"https:\/\/www.interistech.com\/wp-content\/uploads\/2021\/09\/Chercheur-plante1-sml-1.jpg","contentUrl":"https:\/\/www.interistech.com\/wp-content\/uploads\/2021\/09\/Chercheur-plante1-sml-1.jpg","width":1241,"height":931},{"@type":"BreadcrumbList","@id":"https:\/\/www.interistech.com\/fr\/plant-based-summit-conference-september-22-to-24-2021-in-reims-france\/#breadcrumb","itemListElement":[{"@type":"ListItem","position":1,"name":"Home","item":"https:\/\/www.interistech.com\/fr\/"},{"@type":"ListItem","position":2,"name":"PLANT BASED SUMMIT conference and exhibition for September 22 to 24 \/ 2021 in Reims, France"}]},{"@type":"WebSite","@id":"https:\/\/www.interistech.com\/fr\/#website","url":"https:\/\/www.interistech.com\/fr\/","name":"Interis","description":"Biotechnology - Experts by Nature","publisher":{"@id":"https:\/\/www.interistech.com\/fr\/#organization"},"potentialAction":[{"@type":"SearchAction","target":{"@type":"EntryPoint","urlTemplate":"https:\/\/www.interistech.com\/fr\/?s={search_term_string}"},"query-input":{"@type":"PropertyValueSpecification","valueRequired":true,"valueName":"search_term_string"}}],"inLanguage":"fr-FR"},{"@type":"Organization","@id":"https:\/\/www.interistech.com\/fr\/#organization","name":"Interis","url":"https:\/\/www.interistech.com\/fr\/","logo":{"@type":"ImageObject","inLanguage":"fr-FR","@id":"https:\/\/www.interistech.com\/fr\/#\/schema\/logo\/image\/","url":"https:\/\/www.interistech.com\/wp-content\/uploads\/2019\/03\/logointeris.png","contentUrl":"https:\/\/www.interistech.com\/wp-content\/uploads\/2019\/03\/logointeris.png","width":254,"height":111,"caption":"Interis"},"image":{"@id":"https:\/\/www.interistech.com\/fr\/#\/schema\/logo\/image\/"}},{"@type":"Person","@id":"https:\/\/www.interistech.com\/fr\/#\/schema\/person\/4b6d0c7c7cde45d5754234a45026408f","name":"Pedro De Sutter","image":{"@type":"ImageObject","inLanguage":"fr-FR","@id":"https:\/\/www.interistech.com\/fr\/#\/schema\/person\/image\/","url":"https:\/\/secure.gravatar.com\/avatar\/473308ecac7e4c943cb06f1d784daeb2?s=96&d=mm&r=g","contentUrl":"https:\/\/secure.gravatar.com\/avatar\/473308ecac7e4c943cb06f1d784daeb2?s=96&d=mm&r=g","caption":"Pedro De Sutter"},"url":"https:\/\/www.interistech.com\/fr\/author\/pds\/"}]}},"_links":{"self":[{"href":"https:\/\/www.interistech.com\/fr\/wp-json\/wp\/v2\/posts\/3065"}],"collection":[{"href":"https:\/\/www.interistech.com\/fr\/wp-json\/wp\/v2\/posts"}],"about":[{"href":"https:\/\/www.interistech.com\/fr\/wp-json\/wp\/v2\/types\/post"}],"author":[{"embeddable":true,"href":"https:\/\/www.interistech.com\/fr\/wp-json\/wp\/v2\/users\/4"}],"replies":[{"embeddable":true,"href":"https:\/\/www.interistech.com\/fr\/wp-json\/wp\/v2\/comments?post=3065"}],"version-history":[{"count":2,"href":"https:\/\/www.interistech.com\/fr\/wp-json\/wp\/v2\/posts\/3065\/revisions"}],"predecessor-version":[{"id":3104,"href":"https:\/\/www.interistech.com\/fr\/wp-json\/wp\/v2\/posts\/3065\/revisions\/3104"}],"wp:featuredmedia":[{"embeddable":true,"href":"https:\/\/www.interistech.com\/fr\/wp-json\/wp\/v2\/media\/3043"}],"wp:attachment":[{"href":"https:\/\/www.interistech.com\/fr\/wp-json\/wp\/v2\/media?parent=3065"}],"wp:term":[{"taxonomy":"category","embeddable":true,"href":"https:\/\/www.interistech.com\/fr\/wp-json\/wp\/v2\/categories?post=3065"},{"taxonomy":"post_tag","embeddable":true,"href":"https:\/\/www.interistech.com\/fr\/wp-json\/wp\/v2\/tags?post=3065"}],"curies":[{"name":"wp","href":"https:\/\/api.w.org\/{rel}","templated":true}]}}